[{"@context":"https:\/\/schema.org\/","@type":"Article","@id":"https:\/\/www.infe.cz\/dovolena-v-teple\/#Article","mainEntityOfPage":"https:\/\/www.infe.cz\/dovolena-v-teple\/","headline":"Dovolen\u00e1 v teple","name":"Dovolen\u00e1 v teple","description":"V dne\u0161n\u00ed dob\u011b je dovolen\u00e1 opravdu hodn\u011b d\u016fle\u017eit\u00e1, proto\u017ee kdyby lid\u00e9 nejezdili na dovolenou, tak by tak\u00e9 se mohli tr\u00e1pit anebo by se nudili anebo by tak\u00e9 mohli b\u00fdt opravdu hodn\u011b nerv\u00f3zn\u00ed. M\u011b samotnou v\u017edycky napad\u00e1, \u017ee bych nejrad\u011bji jezdila n\u011bkam k mo\u0159i, kde je opravdu teplo, kr\u00e1sn\u00e1 p\u00eds\u010dit\u00e1 pl\u00e1\u017e a podobn\u011b. A to nejrad\u011bji ... <a title=\"Dovolen\u00e1 v teple\" class=\"read-more\" href=\"https:\/\/www.infe.cz\/dovolena-v-teple\/\">Read more<span class=\"screen-reader-text\">Dovolen\u00e1 v teple<\/span><\/a>","datePublished":"2024-02-28","dateModified":"2024-02-28","author":{"@type":"Person","@id":"https:\/\/www.infe.cz\/author\/#Person","name":"","url":"https:\/\/www.infe.cz\/author\/","identifier":1,"image":{"@type":"ImageObject","@id":"https:\/\/secure.gravatar.com\/avatar\/da76ffe9456a057fb26f92cd8eb3d2effca853864e9ae2a35290bd1e10b1f7d4?s=96&d=mm&r=g","url":"https:\/\/secure.gravatar.com\/avatar\/da76ffe9456a057fb26f92cd8eb3d2effca853864e9ae2a35290bd1e10b1f7d4?s=96&d=mm&r=g","height":96,"width":96}},"publisher":{"@type":"Organization","name":"infe.cz","logo":{"@type":"ImageObject","@id":"\/logo.png","url":"\/logo.png","width":600,"height":60}},"image":{"@type":"ImageObject","@id":"https:\/\/www.infe.cz\/wp-content\/uploads\/couple-955926_1280_2.jpg","url":"https:\/\/www.infe.cz\/wp-content\/uploads\/couple-955926_1280_2.jpg","height":0,"width":0},"url":"https:\/\/www.infe.cz\/dovolena-v-teple\/","about":["Dovolen\u00e1"],"wordCount":422,"articleBody":"V dne\u0161n\u00ed dob\u011b je dovolen\u00e1 opravdu hodn\u011b d\u016fle\u017eit\u00e1, proto\u017ee kdyby lid\u00e9 nejezdili na dovolenou, tak by tak\u00e9 se mohli tr\u00e1pit anebo by se nudili anebo by tak\u00e9 mohli b\u00fdt opravdu hodn\u011b nerv\u00f3zn\u00ed. M\u011b samotnou v\u017edycky napad\u00e1, \u017ee bych nejrad\u011bji jezdila n\u011bkam k mo\u0159i, kde je opravdu teplo, kr\u00e1sn\u00e1 p\u00eds\u010dit\u00e1 pl\u00e1\u017e a podobn\u011b. A to nejrad\u011bji v zim\u011b. J\u00e1 jsem takov\u00fd typ \u010dlov\u011bka, kter\u00fd v\u016fbec nem\u00e1 r\u00e1d zimu. Nem\u00e1m r\u00e1da takov\u00e1 zmrzl\u00e1 r\u00e1na anebo kdy je rosa a tak\u00e9 je tr\u00e1va oblezl\u00e1\u00a0n\u011bjak\u00fdm mrazem, je mi to velice nep\u0159\u00edjemn\u00e9 a v\u00a0zim\u011b a ve tm\u011b se mi vst\u00e1v\u00e1 velice \u0161patn\u011b, proto jsem r\u00e1da, \u017ee v\u017edycky s partnerem jezd\u00edme dvakr\u00e1t t\u00fddn\u011b na dovolenou.Jo jsou ale zase lid\u00e9, kte\u0159\u00ed jezd\u00ed na dovolenou pouze jenom v l\u00e9t\u011b, \u017ee si vezmou dovolenou v zam\u011bstn\u00e1n\u00ed a potom jedou n\u011bkam d\u00e1l, kde jim p\u0159\u00edjemn\u011b kde je teplo a kde si hlavn\u011b odpo\u010dinout a kde tak\u00e9 za\u017eij\u00ed opravdu velik\u00fd relax, proto\u017ee bez n\u011bjak\u00e9ho relaxu by dovolen\u00e1 byla opravdu smutn\u00e1. J\u00e1 sama nejrad\u011bji jezd\u00edm do It\u00e1lie a do \u0160pan\u011blska. N\u011bkolikr\u00e1t jsem byla tak\u00e9 v \u0158ecku a \u0159eknu v\u00e1m, \u017ee \u0158ecko je opravdu kr\u00e1sn\u00e9. Tak jsem si \u0159ekla, \u017ee bych se spar\u0165anem cht\u011bla je\u0161t\u011b n\u011bkdy pod\u00edvat do \u0158ecka. Ale abych se p\u0159iznala, tak do It\u00e1lie je zase jezd\u00edm kv\u016fli tomu, \u017ee jsem se nau\u010dila italsky.Sice jsem se italsky u\u010dila pouze jenom dva\u00a0roky a neum\u00edm \u00fapln\u011b dokonale italsky, ale i tak m\u011b to bav\u00ed. Domluv\u00edm se a domluv\u00edm se v It\u00e1lii, kdy\u017e jsem na dovolen\u00e9, a to hlavn\u011b v restauraci a podobn\u011b, nebo tak\u00e9 v kav\u00e1rn\u011b. N\u011bkte\u0159\u00ed lid\u00e9 jezd\u00ed na dovolenou, ale zase jenom v zim\u011b, t\u0159eba v prosinci nebo v lednu jedu t\u0159eba n\u011bkam na dva\u00a0nebo na t\u0159i\u00a0t\u00fddny, jenom aby se proh\u0159\u00e1ly a j\u00e1 se nediv\u00edm j\u00e1 zimu taky nem\u00e1m v\u016fbec r\u00e1da. Ale dozv\u011bd\u011bla jsem se, \u017ee je opravdu hodn\u011b lid\u00ed, kte\u0159\u00ed nemaj\u00ed r\u00e1di zimu, nemaj\u00ed r\u00e1di zimu mr\u00e1z a sn\u00edh. J8\u00a0se tomu nediv\u00edm, proto\u017ee i tak nejde v tom sportovat a tak\u00e9 nem\u016f\u017eete\u00a0t\u00e9m\u011b\u0159 \u0159\u00eddit automobil.\u00a0                                                                                                                                                                                                                                                                                                                                                                                        4.6\/5 - (8 votes)        "},{"@context":"https:\/\/schema.org\/","@type":"BreadcrumbList","itemListElement":[{"@type":"ListItem","position":1,"name":"Dovolen\u00e1 v teple","item":"https:\/\/www.infe.cz\/dovolena-v-teple\/#breadcrumbitem"}]}]