[{"@context":"https:\/\/schema.org\/","@type":"Article","@id":"https:\/\/www.infe.cz\/i-za-sviceni-se-plati\/#Article","mainEntityOfPage":"https:\/\/www.infe.cz\/i-za-sviceni-se-plati\/","headline":"I za sv\u00edcen\u00ed se plat\u00ed","name":"I za sv\u00edcen\u00ed se plat\u00ed","description":"Mnoz\u00ed jedinci si v\u016fbec neuv\u011bdomuj\u00ed, \u017ee sv\u00edcen\u00ed doma nebo kdekoliv jinde n\u011bco stoj\u00ed. I \u017e\u00e1rovky toti\u017e pot\u0159ebuj\u00ed elektrickou energii, za kterou pot\u00e9 plat\u00edme. Jak ov\u0161em zajistit, aby sv\u00edcen\u00ed nebylo drah\u00e9? V takov\u00e9m p\u0159\u00edpad\u011b se v\u017edy vyplat\u00ed zam\u011b\u0159it na to, jak\u00e9 vlastn\u011b pou\u017e\u00edv\u00e1te sv\u011bteln\u00e9 zdroje. Volba sv\u011bteln\u00fdch zdroj\u016f je toti\u017e n\u011bco, co dok\u00e1\u017ee pom\u011brn\u011b v\u00fdrazn\u011b ovlivnit ... <a title=\"I za sv\u00edcen\u00ed se plat\u00ed\" class=\"read-more\" href=\"https:\/\/www.infe.cz\/i-za-sviceni-se-plati\/\">Read more<span class=\"screen-reader-text\">I za sv\u00edcen\u00ed se plat\u00ed<\/span><\/a>","datePublished":"2023-05-11","dateModified":"2023-05-11","author":{"@type":"Person","@id":"https:\/\/www.infe.cz\/author\/#Person","name":"","url":"https:\/\/www.infe.cz\/author\/","identifier":1,"image":{"@type":"ImageObject","@id":"https:\/\/secure.gravatar.com\/avatar\/da76ffe9456a057fb26f92cd8eb3d2effca853864e9ae2a35290bd1e10b1f7d4?s=96&d=mm&r=g","url":"https:\/\/secure.gravatar.com\/avatar\/da76ffe9456a057fb26f92cd8eb3d2effca853864e9ae2a35290bd1e10b1f7d4?s=96&d=mm&r=g","height":96,"width":96}},"publisher":{"@type":"Organization","name":"infe.cz","logo":{"@type":"ImageObject","@id":"\/logo.png","url":"\/logo.png","width":600,"height":60}},"url":"https:\/\/www.infe.cz\/i-za-sviceni-se-plati\/","about":["Zbo\u017e\u00ed"],"wordCount":373,"articleBody":"      Mnoz\u00ed jedinci si v\u016fbec neuv\u011bdomuj\u00ed, \u017ee sv\u00edcen\u00ed doma nebo kdekoliv jinde n\u011bco stoj\u00ed. I \u017e\u00e1rovky toti\u017e pot\u0159ebuj\u00ed elektrickou energii, za kterou pot\u00e9 plat\u00edme. Jak ov\u0161em zajistit, aby sv\u00edcen\u00ed nebylo drah\u00e9? V takov\u00e9m p\u0159\u00edpad\u011b se v\u017edy vyplat\u00ed zam\u011b\u0159it na to, jak\u00e9 vlastn\u011b pou\u017e\u00edv\u00e1te sv\u011bteln\u00e9 zdroje. Volba sv\u011bteln\u00fdch zdroj\u016f je toti\u017e n\u011bco, co dok\u00e1\u017ee pom\u011brn\u011b v\u00fdrazn\u011b ovlivnit spot\u0159ebu elektrick\u00e9 energie jak ve Va\u0161\u00ed dom\u00e1cnosti, tak tak\u00e9 kdekoliv jinde. Proto nen\u00ed dobr\u00e9 n\u011bco takov\u00e9ho podce\u0148ovat. Je toti\u017e zbyte\u010dn\u00e9 platit za n\u011bco v\u00edce, ne\u017e je ve skute\u010dnosti nutn\u00e9.Vyb\u00edrejte z toho, co je V\u00e1m nab\u00edzeno V dne\u0161n\u00ed dob\u011b na\u0161t\u011bst\u00ed existuj\u00ed modern\u00ed technologie, d\u00edky kter\u00fdm m\u016f\u017eete sv\u00edtit mnohem levn\u011bji, ne\u017e tomu b\u00fdvalo d\u0159\u00edv. Nemus\u00edte m\u00edt ov\u0161em obavy z toho, \u017ee by V\u00e1m tyto technologie poskytovaly m\u00e9n\u011b sv\u011btla. Ve skute\u010dnosti V\u00e1m mohou poskytnout sv\u011btla opravdu dostate\u010dn\u00e9 mno\u017estv\u00ed bez toho, aby V\u00e1s to st\u00e1lo zbyte\u010dn\u011b mnoho pen\u011bz. Takov\u00e1 technologie, kter\u00e1 je v dne\u0161n\u00ed dob\u011b skute\u010dn\u011b obl\u00edben\u00e1, je samoz\u0159ejm\u011b technologie LED.Vyberte si \u0159e\u0161en\u00ed, kter\u00e9 se V\u00e1m bude l\u00edbit Sv\u011bteln\u00e9 zdroje tohoto typu jsou ekonomick\u00e9, spolehliv\u00e9 a jejich \u017eivotnost je opravdu dlouholet\u00e1, a proto nemus\u00edte m\u00edt obavy z toho, \u017ee byste museli za jejich pou\u017e\u00edv\u00e1n\u00ed platit zbyte\u010dn\u011b vysok\u00e9 \u010d\u00e1stky. M\u016f\u017eete si vyb\u00edrat mezi sv\u011bteln\u00fdmi zdroji vhodn\u00fdmi pro dom\u00e1c\u00ed sv\u00edcen\u00ed, existuj\u00ed ov\u0161em i takov\u00e9, kter\u00e9 jsou vhodn\u00e9 pro v\u011bt\u0161\u00ed prostory, co\u017e je nap\u0159\u00edklad led reflektor 10w, kter\u00fd se d\u00e1 pou\u017e\u00edt jak ve velk\u00fdch m\u00edstnostech, tak v obchodech \u010di v\u00fdstavn\u00edch s\u00edn\u00edch. V\u0161e z\u00e1le\u017e\u00ed pouze na tom, co si vlastn\u011b p\u0159edstavujete a po\u017eadujete. \u0160irok\u00fd v\u00fdb\u011br pro ka\u017ed\u00e9ho Nab\u00eddka sv\u011bteln\u00fdch zdroj\u016f je opravdu \u0161irok\u00e1, a proto se v\u017edy vyplat\u00ed vyb\u00edrat takov\u00e9, kter\u00e9 V\u00e1m budou moct nab\u00eddnout opravdu jenom to nejlep\u0161\u00ed.                                                                                                                                                                                                                                                                                                                                                                                          4\/5 - (7 votes)        "},{"@context":"https:\/\/schema.org\/","@type":"BreadcrumbList","itemListElement":[{"@type":"ListItem","position":1,"name":"I za sv\u00edcen\u00ed se plat\u00ed","item":"https:\/\/www.infe.cz\/i-za-sviceni-se-plati\/#breadcrumbitem"}]}]