[{"@context":"https:\/\/schema.org\/","@type":"Article","@id":"https:\/\/www.infe.cz\/nechavate-si-vanocni-darky-profesionalne-zabalit\/#Article","mainEntityOfPage":"https:\/\/www.infe.cz\/nechavate-si-vanocni-darky-profesionalne-zabalit\/","headline":"Nech\u00e1v\u00e1te si v\u00e1no\u010dn\u00ed d\u00e1rky profesion\u00e1ln\u011b zabalit?","name":"Nech\u00e1v\u00e1te si v\u00e1no\u010dn\u00ed d\u00e1rky profesion\u00e1ln\u011b zabalit?","description":"Nemus\u00edte b\u00fdt zrovna ne\u0161iky, abyste po\u017e\u00e1dali o pomoc zku\u0161en\u00e9 pracovn\u00edky, kte\u0159\u00ed se o zabalen\u00ed Va\u0161ich v\u00e1no\u010dn\u00edch d\u00e1rk\u016f postaraj\u00ed. N\u011bkdy prost\u011b m\u00e1te pocit, \u017ee by si Va\u0161e d\u00e1rky zaslou\u017eily slavnostn\u011bj\u0161\u00ed obal, ne\u017e jak\u00fd jste sami schopni pracn\u011b vytvo\u0159it. Nevad\u00ed, pomoc je nasnad\u011b a s&nbsp;balen\u00edm V\u00e1m pomohou profesion\u00e1lov\u00e9. Objev\u00edte je p\u0159edev\u0161\u00edm v&nbsp;n\u00e1kupn\u00edch centrech obchodn\u00edch dom\u016f a to ... <a title=\"Nech\u00e1v\u00e1te si v\u00e1no\u010dn\u00ed d\u00e1rky profesion\u00e1ln\u011b zabalit?\" class=\"read-more\" href=\"https:\/\/www.infe.cz\/nechavate-si-vanocni-darky-profesionalne-zabalit\/\">Read more<span class=\"screen-reader-text\">Nech\u00e1v\u00e1te si v\u00e1no\u010dn\u00ed d\u00e1rky profesion\u00e1ln\u011b zabalit?<\/span><\/a>","datePublished":"2019-11-14","dateModified":"2023-05-11","author":{"@type":"Person","@id":"https:\/\/www.infe.cz\/author\/#Person","name":"","url":"https:\/\/www.infe.cz\/author\/","identifier":1,"image":{"@type":"ImageObject","@id":"https:\/\/secure.gravatar.com\/avatar\/da76ffe9456a057fb26f92cd8eb3d2effca853864e9ae2a35290bd1e10b1f7d4?s=96&d=mm&r=g","url":"https:\/\/secure.gravatar.com\/avatar\/da76ffe9456a057fb26f92cd8eb3d2effca853864e9ae2a35290bd1e10b1f7d4?s=96&d=mm&r=g","height":96,"width":96}},"publisher":{"@type":"Organization","name":"infe.cz","logo":{"@type":"ImageObject","@id":"\/logo.png","url":"\/logo.png","width":600,"height":60}},"image":{"@type":"ImageObject","@id":"https:\/\/www.infe.cz\/wp-content\/uploads\/img_a361185_w3358_t1574578605.jpg","url":"https:\/\/www.infe.cz\/wp-content\/uploads\/img_a361185_w3358_t1574578605.jpg","height":0,"width":0},"url":"https:\/\/www.infe.cz\/nechavate-si-vanocni-darky-profesionalne-zabalit\/","about":["Slu\u017eby"],"wordCount":618,"articleBody":"Nemus\u00edte b\u00fdt zrovna ne\u0161iky, abyste po\u017e\u00e1dali o pomoc zku\u0161en\u00e9 pracovn\u00edky, kte\u0159\u00ed se o zabalen\u00ed Va\u0161ich v\u00e1no\u010dn\u00edch d\u00e1rk\u016f postaraj\u00ed. N\u011bkdy prost\u011b m\u00e1te pocit, \u017ee by si Va\u0161e d\u00e1rky zaslou\u017eily slavnostn\u011bj\u0161\u00ed obal, ne\u017e jak\u00fd jste sami schopni pracn\u011b vytvo\u0159it. Nevad\u00ed, pomoc je nasnad\u011b a s&nbsp;balen\u00edm V\u00e1m pomohou profesion\u00e1lov\u00e9. Objev\u00edte je p\u0159edev\u0161\u00edm v&nbsp;n\u00e1kupn\u00edch centrech obchodn\u00edch dom\u016f a to v\u011bt\u0161inou pr\u00e1v\u011b p\u0159ed V\u00e1nocemi, kdy je o tuto slu\u017ebu nejv\u011bt\u0161\u00ed z\u00e1jem. Donesete d\u00e1rek, a bu\u010f sd\u011bl\u00edte svou p\u0159edstavu, nebo to nech\u00e1te \u00fapln\u011b na nich. N\u011bkdy si chcete sami vybrat pap\u00edr, krabi\u010dku, ma\u0161li, stuhu, kokardu nebo jakoukoliv v\u00e1no\u010dn\u00ed dekoraci, kter\u00e1 se p\u0159id\u00e1v\u00e1 na d\u00e1rek jako ozdoba. Jindy zase sp\u011bch\u00e1te a ani moc sami nev\u00edte, jak byste dan\u00fd d\u00e1rek zabalili, tak v\u0161e nech\u00e1te na pracovnic\u00edch, aby vymyslely n\u011bco origin\u00e1ln\u00edho.&nbsp;V\u017edy m\u00e1te na v\u00fdb\u011br z&nbsp;velk\u00e9ho mno\u017estv\u00ed v\u00e1no\u010dn\u00edho balic\u00edho pap\u00edru, krabi\u010dek, organzov\u00fdch pytl\u00ed\u010dk\u016f, stuh z&nbsp;leskl\u00e9ho nebo matn\u00e9ho materi\u00e1lu, l\u00e1tky, s&nbsp;bohat\u00fdm zdoben\u00edm v\u00e1no\u010dn\u00edch motiv\u016f apod. D\u00e1le se nab\u00edz\u00ed balit d\u00e1rky do pap\u00edrov\u00fdch d\u00e1rkov\u00fdch ta\u0161ek s&nbsp;v\u00e1no\u010dn\u00edmi motivy a p\u0159ipevnit jen kr\u00e1snou dekorativn\u00ed stuhu a p\u0159\u00edpadn\u011b p\u0159idat i v\u00e1no\u010dn\u00ed p\u0159\u00e1n\u00ed nebo n\u011bjakou tu kr\u00e1snou v\u00e1no\u010dn\u00ed i nev\u00e1no\u010dn\u00ed samolepku. N\u011bkomu se zase l\u00edb\u00ed v\u00e1no\u010dn\u00ed d\u00e1rkov\u00e9 ko\u0161e v&nbsp;celof\u00e1nu s&nbsp;ma\u0161l\u00ed. M\u016f\u017eete si nechat d\u00e1rek zabalit t\u0159eba do nafouknut\u00e9ho bal\u00f3nku, jen by m\u011bl b\u00fdt d\u00e1rek nejl\u00e9pe m\u011bkk\u00fd, v&nbsp;\u0161\u00ed\u0159ce do 15 cm a nem\u011bl by v\u00e1\u017eit v\u00edce ne\u017e 1kg, aby balonek nepraskl. Ohrom\u00edte t\u00edm obdarovan\u00e9ho, kter\u00fd bude nev\u011b\u0159\u00edcn\u011b koukat a nech\u00e1pat, jak jste ten d\u00e1rek do balonku dostali. Kr\u00e1sn\u00fd n\u00e1pad. Pokud m\u00e1te v&nbsp;pl\u00e1nu obdarovat sv\u00e9 obchodn\u00ed partnery, nen\u00ed nic snaz\u0161\u00edho, ne\u017e dov\u00e9zt v\u0161echny d\u00e1rky do provozovny a dohodnout si term\u00edn vyzvednut\u00ed. Pracovn\u00edci se o v\u0161echno postaraj\u00ed a nemus\u00edte se b\u00e1t, v\u0161e bude kr\u00e1sn\u011b zabalen\u00e9, budete spokojeni.&nbsp;A nakonec V\u00e1mi obdarovan\u00ed d\u00e1rky ani nebudou cht\u00edt rozbalit, proto\u017ee budou m\u00edt strach, \u017ee po\u0161kod\u00ed ten kr\u00e1sn\u00fd obal nebo pap\u00edr. A ma\u0161li? Tu za nic na sv\u011bt\u011b nevyhod\u00ed, ta je moc kr\u00e1sn\u00e1.&nbsp;Pokud uva\u017eujete o tom, kolik takov\u00e1 n\u00e1dhera stoj\u00ed, tak to je hodn\u011b individu\u00e1ln\u00ed. Z\u00e1le\u017e\u00ed na mno\u017estv\u00ed balic\u00edho pap\u00edru, jeho kvalit\u011b, d\u00e1le d\u00e9lce a \u0161\u00ed\u0159ce jednotliv\u00fdch stuh, kokard, p\u0159evaz\u016f, velikost\u00ed ma\u0161l\u00ed, krabi\u010dek, ko\u0161\u00edk\u016f, mno\u017estv\u00ed celof\u00e1nu, velikosti dekorac\u00ed na d\u00e1rek nebo jmenovek r\u016fzn\u00fdch velikost\u00ed a materi\u00e1l\u016f. Orienta\u010dn\u011b nap\u0159. 1 metr stuhy o \u0161\u00ed\u0159ce 1cm stoj\u00ed 10K\u010d, p\u0159i \u0161\u00ed\u0159ce 2,5 cm stoj\u00ed 35k\u010d. D\u00e1le nap\u0159. 1 arch v\u00e1no\u010dn\u00edho pap\u00edru standard 159K\u010d, pap\u00edr Lux o stejn\u00e9 velikosti stoj\u00ed 199K\u010d. V\u00e1no\u010dn\u00ed dekorace se pohybuj\u00ed od 15K\u010d do 50K\u010d, z\u00e1le\u017e\u00ed na velikosti. Je to r\u016fzn\u00e9, ale stoj\u00ed to za to, d\u00e1rek se dostane na jinou \u00farove\u0148 a o to jde.                                                                                                                                                                                                                                                                                                                                                                                        3\/5 - (3 votes)        "},{"@context":"https:\/\/schema.org\/","@type":"BreadcrumbList","itemListElement":[{"@type":"ListItem","position":1,"name":"Nech\u00e1v\u00e1te si v\u00e1no\u010dn\u00ed d\u00e1rky profesion\u00e1ln\u011b zabalit?","item":"https:\/\/www.infe.cz\/nechavate-si-vanocni-darky-profesionalne-zabalit\/#breadcrumbitem"}]}]