[{"@context":"https:\/\/schema.org\/","@type":"Article","@id":"https:\/\/www.infe.cz\/nejkrasnejsi-zamky-v-cechach\/#Article","mainEntityOfPage":"https:\/\/www.infe.cz\/nejkrasnejsi-zamky-v-cechach\/","headline":"Nejkr\u00e1sn\u011bj\u0161\u00ed z\u00e1mky v \u010cech\u00e1ch","name":"Nejkr\u00e1sn\u011bj\u0161\u00ed z\u00e1mky v \u010cech\u00e1ch","description":"Kter\u00e9 z\u00e1mky zdej\u0161\u00ed, jsou v na\u0161\u00ed zemi ty nejkr\u00e1sn\u011bj\u0161\u00ed? Co si takhle letos ud\u011blat m\u00edsto opalov\u00e1n\u00ed na pl\u00e1\u017ei v\u00fdlet po m\u00edstn\u00edch architektonick\u00fdch skvostech? A\u0165 u\u017e se v pr\u016fb\u011bhu l\u00e9ta budete nach\u00e1zet v kter\u00e9koli \u010d\u00e1sti na\u0161\u00ed zem\u011b, p\u0159ijm\u011bte od n\u00e1s p\u00e1r skv\u011bl\u00fdch tip\u016f na kouzeln\u00e9 z\u00e1mky, kter\u00e9 v\u00e1s svoj\u00ed atmosf\u00e9rou p\u0159enesou rovnou do va\u0161ich obl\u00edben\u00fdch poh\u00e1dek ... <a title=\"Nejkr\u00e1sn\u011bj\u0161\u00ed z\u00e1mky v \u010cech\u00e1ch\" class=\"read-more\" href=\"https:\/\/www.infe.cz\/nejkrasnejsi-zamky-v-cechach\/\">Read more<span class=\"screen-reader-text\">Nejkr\u00e1sn\u011bj\u0161\u00ed z\u00e1mky v \u010cech\u00e1ch<\/span><\/a>","datePublished":"2020-07-12","dateModified":"2023-09-13","author":{"@type":"Person","@id":"https:\/\/www.infe.cz\/author\/#Person","name":"","url":"https:\/\/www.infe.cz\/author\/","identifier":1,"image":{"@type":"ImageObject","@id":"https:\/\/secure.gravatar.com\/avatar\/da76ffe9456a057fb26f92cd8eb3d2effca853864e9ae2a35290bd1e10b1f7d4?s=96&d=mm&r=g","url":"https:\/\/secure.gravatar.com\/avatar\/da76ffe9456a057fb26f92cd8eb3d2effca853864e9ae2a35290bd1e10b1f7d4?s=96&d=mm&r=g","height":96,"width":96}},"publisher":{"@type":"Organization","name":"infe.cz","logo":{"@type":"ImageObject","@id":"\/logo.png","url":"\/logo.png","width":600,"height":60}},"image":{"@type":"ImageObject","@id":"https:\/\/www.infe.cz\/wp-content\/uploads\/z%C3%A1mek%20sychrov.jpg","url":"https:\/\/www.infe.cz\/wp-content\/uploads\/z%C3%A1mek%20sychrov.jpg","height":0,"width":0},"url":"https:\/\/www.infe.cz\/nejkrasnejsi-zamky-v-cechach\/","about":["Slu\u017eby"],"wordCount":533,"articleBody":"      Kter\u00e9 z\u00e1mky zdej\u0161\u00ed, jsou v na\u0161\u00ed zemi ty nejkr\u00e1sn\u011bj\u0161\u00ed? Co si takhle letos ud\u011blat m\u00edsto opalov\u00e1n\u00ed na pl\u00e1\u017ei v\u00fdlet po m\u00edstn\u00edch architektonick\u00fdch skvostech? A\u0165 u\u017e se v pr\u016fb\u011bhu l\u00e9ta budete nach\u00e1zet v kter\u00e9koli \u010d\u00e1sti na\u0161\u00ed zem\u011b, p\u0159ijm\u011bte od n\u00e1s p\u00e1r skv\u011bl\u00fdch tip\u016f na kouzeln\u00e9 z\u00e1mky, kter\u00e9 v\u00e1s svoj\u00ed atmosf\u00e9rou p\u0159enesou rovnou do va\u0161ich obl\u00edben\u00fdch poh\u00e1dek z d\u011btstv\u00ed, nebo v\u00e1m minim\u00e1ln\u011b poskytnou pocit, \u017ee jste na v\u00fdjime\u010dn\u00e9m a vzne\u0161en\u00e9m m\u00edst\u011b.Z\u00e1mek Hlubok\u00e1 nad Vltavou v\u00e1m p\u0159ipomene zn\u00e1mou poh\u00e1dku Py\u0161n\u00e1 princezna, kterou si v jej\u00edm \u010dernob\u00edl\u00e9m pod\u00e1n\u00ed budou pamatovat sp\u00ed\u0161e ti star\u0161\u00ed z n\u00e1s. Z\u00e1mek se nach\u00e1z\u00ed na kopci a je tak dominantou ji\u017en\u00edm \u010cech\u00e1m, zejm\u00e9na pak okol\u00ed m\u011bsta \u010cesk\u00e9 Bud\u011bjovice. V bl\u00edzkosti z\u00e1mku naleznete romantick\u00fd park, kter\u00fdm se m\u016f\u017eete vydat na proch\u00e1zku do zalesn\u011bn\u00e9 obory a odpo\u010dinout si od ruchu a shonu v\u0161ech m\u011bst, kter\u00e1 na va\u0161ich v\u00fdletech m\u00edj\u00edte. Zde naleznete o\u00e1zu klidu a kr\u00e1sn\u00e9 v\u00fdhledy na poklidnou krajinu ji\u017en\u00edch \u010cech. Cestujete-li s d\u011btmi, nezapome\u0148te se pod\u00edvat do m\u00edstn\u00ed Zoologick\u00e9 zahrady, nebo se zastavit v \u010cesk\u00fdch Bud\u011bjovic\u00edch na dobr\u00e9 j\u00eddlo.V ji\u017en\u00edch \u010cech\u00e1ch je\u0161t\u011b chv\u00edli z\u016fstaneme, a to konkr\u00e9tn\u011b ve slavn\u00e9m \u010cesk\u00e9m Krumlov\u011b. Toto m\u011bste\u010dko b\u00fdv\u00e1 zpravidla doslova zaplaveno vlnami turist\u016f, co\u017e je letos v l\u00e9t\u011b trochu jinak a proto by pro v\u00e1s mohlo b\u00fdt p\u0159\u00edjemn\u011bj\u0161\u00ed tento kraj nav\u0161t\u00edvit. Jedn\u00e1 se o m\u011bsto, kter\u00e9 je naopak ukotveno v n\u00ed\u017ein\u011b a jeho povrch je sp\u00ed\u0161e kopcovit\u00fd. Krom\u011b p\u0159ekr\u00e1sn\u00e9ho a rozlehl\u00e9ho z\u00e1mku a z\u00e1meck\u00e9 zahrady zde naleznete tak\u00e9 zn\u00e1m\u00e9 ot\u00e1\u010div\u00e9 hledi\u0161t\u011b a v j\u00e1dru m\u011bste\u010dka potom velkou spoustu p\u0159\u00edjemn\u00fdch kav\u00e1ren a restaurac\u00ed pobl\u00ed\u017e \u0159eky.P\u0159esuneme se na z\u00e1mek Sychrov. Jeho barva je typick\u00e1 pro st\u0159edo\u010desk\u00fd kraj a nav\u0161t\u00edvit jej m\u016f\u017eete, kdy\u017e se budete pohybovat okolo n\u00e1rodn\u00edho parku \u010cesk\u00fd r\u00e1j. Tento z\u00e1mek m\u00e1 kouzelnou atmosf\u00e9ru zejm\u00e9na v rann\u00edch hodin\u00e1ch, kdy v jeho rozlehl\u00fdch zahrad\u00e1ch le\u017e\u00ed mlha a vy tak m\u016f\u017eete rozj\u00edmat a u\u017e\u00edvat si v\u00fdhledy na tento architektonick\u00fd skvost ze v\u0161ech stran. Mo\u017en\u00e1 v\u00e1m p\u0159ipomene poh\u00e1dku Nesmrteln\u00e1 teta.V oblasti moravsko-slezsk\u00e9ho kraje pak m\u016f\u017eeme doporu\u010dit z\u00e1mek Lednice. Jedn\u00e1 se o p\u0159ekr\u00e1snou stavbu, kter\u00e1 v\u00e1s uchv\u00e1t\u00ed rovn\u011b\u017e sv\u00fdm okol\u00edm a krajinou, do kter\u00e9 je zasazena. Ubytov\u00e1n\u00ed v Lednici  se v\u00e1m bude hodit, budete-li se cht\u00edt na Morav\u011b trochu zdr\u017eet a u\u017e\u00edt si nap\u0159\u00edklad n\u011bkter\u00fd z m\u00edstn\u00edch vinn\u00fdch sklep\u016f.                                                                                                                                                                                                                                                                                                                                                                                          4.2\/5 - (4 votes)        "},{"@context":"https:\/\/schema.org\/","@type":"BreadcrumbList","itemListElement":[{"@type":"ListItem","position":1,"name":"Nejkr\u00e1sn\u011bj\u0161\u00ed z\u00e1mky v \u010cech\u00e1ch","item":"https:\/\/www.infe.cz\/nejkrasnejsi-zamky-v-cechach\/#breadcrumbitem"}]}]