[{"@context":"https:\/\/schema.org\/","@type":"Article","@id":"https:\/\/www.infe.cz\/nic-moc-zima\/#Article","mainEntityOfPage":"https:\/\/www.infe.cz\/nic-moc-zima\/","headline":"Nic moc zima","name":"Nic moc zima","description":"Pokud jste se letos chystali na hory a cht\u011bli k tomu vyu\u017e\u00edt na\u0161e chaty a chalupy k pronajmut\u00ed a doposud jste to neud\u011blali, asi m\u00e1te pro leto\u0161n\u00ed zimu prome\u0161k\u00e1no. Docela v\u00e1s ch\u00e1pu, \u010dlov\u011bk st\u00e1le \u010dekal a \u010dekal, kdy u\u017e po\u0159\u00e1dn\u011b nachumel\u00ed pr\u00e1v\u011b v t\u00e9 jeho obl\u00edben\u00e9 lokalit\u011b, a ono po\u0159\u00e1d nic. No te\u010f u\u017e s ... <a title=\"Nic moc zima\" class=\"read-more\" href=\"https:\/\/www.infe.cz\/nic-moc-zima\/\">Read more<span class=\"screen-reader-text\">Nic moc zima<\/span><\/a>","datePublished":"2024-11-24","dateModified":"2024-11-24","author":{"@type":"Person","@id":"https:\/\/www.infe.cz\/author\/#Person","name":"","url":"https:\/\/www.infe.cz\/author\/","identifier":1,"image":{"@type":"ImageObject","@id":"https:\/\/secure.gravatar.com\/avatar\/da76ffe9456a057fb26f92cd8eb3d2effca853864e9ae2a35290bd1e10b1f7d4?s=96&d=mm&r=g","url":"https:\/\/secure.gravatar.com\/avatar\/da76ffe9456a057fb26f92cd8eb3d2effca853864e9ae2a35290bd1e10b1f7d4?s=96&d=mm&r=g","height":96,"width":96}},"publisher":{"@type":"Organization","name":"infe.cz","logo":{"@type":"ImageObject","@id":"\/logo.png","url":"\/logo.png","width":600,"height":60}},"url":"https:\/\/www.infe.cz\/nic-moc-zima\/","wordCount":211,"articleBody":"Pokud jste se letos chystali na hory a cht\u011bli k tomu vyu\u017e\u00edt na\u0161e chaty a chalupy k pronajmut\u00ed a doposud jste to neud\u011blali, asi m\u00e1te pro leto\u0161n\u00ed zimu prome\u0161k\u00e1no. Docela v\u00e1s ch\u00e1pu, \u010dlov\u011bk st\u00e1le \u010dekal a \u010dekal, kdy u\u017e po\u0159\u00e1dn\u011b nachumel\u00ed pr\u00e1v\u011b v t\u00e9 jeho obl\u00edben\u00e9 lokalit\u011b, a ono po\u0159\u00e1d nic. No te\u010f u\u017e s t\u00edm opravdu nic nenad\u011bl\u00e1te, maxim\u00e1ln\u011b m\u016f\u017eete zazimovat ly\u017ee a zimn\u00ed vybaven\u00ed a nachystat kolo, kter\u00e9 pr\u00e1v\u011b nyn\u00ed za\u010d\u00edn\u00e1 b\u00fdt aktu\u00e1ln\u00ed.Ne\u010dekejte na l\u00e9toTak pr\u00e1v\u011b proto velmi pe\u010dliv\u011b \u010dt\u011bte dob\u0159e m\u00edn\u011bnou radu. Ne\u010dekejte pros\u00edm, a\u017e jaro nabere na obr\u00e1tk\u00e1ch a vyra\u017ete do sv\u00e9ho obl\u00edben\u00e9ho m\u00edste\u010dka co nejd\u0159\u00edve. M\u016f\u017ee se toti\u017e st\u00e1t, \u017ee podivn\u00e9 po\u010das\u00ed zp\u016fsob\u00ed, \u017ee jaro a zmiz\u00ed tak rychle, jak za\u010dalo, a ne\u017e se nad\u011bjete, bude zde parn\u00e9 l\u00e9to, teploty velmi vysoko nad nulou a vy si \u0159eknete &#8211; kdo by se v tom horku potil? A rozhodnete se po\u010dkat na dal\u0161\u00ed zimu. Aby v\u00e1s to nemrzelo, p\u0159\u00e1tel\u00e9!                                                                                                                                                                                                                                                                                                                                                                                        4.7\/5 - (3 votes)        "},{"@context":"https:\/\/schema.org\/","@type":"BreadcrumbList","itemListElement":[{"@type":"ListItem","position":1,"name":"Nic moc zima","item":"https:\/\/www.infe.cz\/nic-moc-zima\/#breadcrumbitem"}]}]