[{"@context":"https:\/\/schema.org\/","@type":"Article","@id":"https:\/\/www.infe.cz\/opalena-muzete-byt-i-v-lete\/#Article","mainEntityOfPage":"https:\/\/www.infe.cz\/opalena-muzete-byt-i-v-lete\/","headline":"Op\u00e1len\u00e1 m\u016f\u017eete b\u00fdt i v l\u00e9t\u011b","name":"Op\u00e1len\u00e1 m\u016f\u017eete b\u00fdt i v l\u00e9t\u011b","description":"Milujete opalov\u00e1n\u00ed a n\u00e1dhernou, zlatavou barvu, ale bohu\u017eel v\u00e1m nevydr\u017e\u00ed p\u0159\u00edli\u0161 dlouho? P\u0159ijedete z n\u00e1dhern\u00e9 dovolen\u00e9 a u\u017e\u00edv\u00e1te si kr\u00e1sn\u00e9ho op\u00e1len\u00ed a \u0159\u00edk\u00e1te si, kdyby v\u00e1m tak cht\u011blo vydr\u017eet co nejd\u00e9le, ale bohu\u017eel v\u00edte, \u017ee s p\u0159ich\u00e1zej\u00edc\u00ed zimou, odejde va\u0161e atraktivn\u00ed barva. My v\u00e1m m\u016f\u017eeme poradit, jak m\u016f\u017eete b\u00fdt op\u00e1len\u00e1 opravdu po cel\u00fd rok. Zima ... <a title=\"Op\u00e1len\u00e1 m\u016f\u017eete b\u00fdt i v l\u00e9t\u011b\" class=\"read-more\" href=\"https:\/\/www.infe.cz\/opalena-muzete-byt-i-v-lete\/\">Read more<span class=\"screen-reader-text\">Op\u00e1len\u00e1 m\u016f\u017eete b\u00fdt i v l\u00e9t\u011b<\/span><\/a>","datePublished":"2020-12-19","dateModified":"2023-11-20","author":{"@type":"Person","@id":"https:\/\/www.infe.cz\/author\/#Person","name":"","url":"https:\/\/www.infe.cz\/author\/","identifier":1,"image":{"@type":"ImageObject","@id":"https:\/\/secure.gravatar.com\/avatar\/da76ffe9456a057fb26f92cd8eb3d2effca853864e9ae2a35290bd1e10b1f7d4?s=96&d=mm&r=g","url":"https:\/\/secure.gravatar.com\/avatar\/da76ffe9456a057fb26f92cd8eb3d2effca853864e9ae2a35290bd1e10b1f7d4?s=96&d=mm&r=g","height":96,"width":96}},"publisher":{"@type":"Organization","name":"infe.cz","logo":{"@type":"ImageObject","@id":"\/logo.png","url":"\/logo.png","width":600,"height":60}},"image":{"@type":"ImageObject","@id":"https:\/\/www.infe.cz\/wp-content\/uploads\/Opalov%C3%A1n%C3%AD%20pro%20kr%C3%A1su.jpg","url":"https:\/\/www.infe.cz\/wp-content\/uploads\/Opalov%C3%A1n%C3%AD%20pro%20kr%C3%A1su.jpg","height":0,"width":0},"url":"https:\/\/www.infe.cz\/opalena-muzete-byt-i-v-lete\/","about":["Slu\u017eby"],"wordCount":427,"articleBody":"      Milujete opalov\u00e1n\u00ed a n\u00e1dhernou, zlatavou barvu, ale bohu\u017eel v\u00e1m nevydr\u017e\u00ed p\u0159\u00edli\u0161 dlouho?P\u0159ijedete z n\u00e1dhern\u00e9 dovolen\u00e9 a u\u017e\u00edv\u00e1te si kr\u00e1sn\u00e9ho op\u00e1len\u00ed a \u0159\u00edk\u00e1te si, kdyby v\u00e1m tak cht\u011blo vydr\u017eet co nejd\u00e9le, ale bohu\u017eel v\u00edte, \u017ee s p\u0159ich\u00e1zej\u00edc\u00ed zimou, odejde va\u0161e atraktivn\u00ed barva. My v\u00e1m m\u016f\u017eeme poradit, jak m\u016f\u017eete b\u00fdt op\u00e1len\u00e1 opravdu po cel\u00fd rok.Zima v\u00e1s u\u017e tr\u00e1pit nebudeMilujete zimn\u00ed obdob\u00ed, ale bohu\u017eel v\u00e1s mrz\u00ed, \u017ee va\u0161e sn\u011bd\u00e9 op\u00e1len\u00ed mizne, a vy nem\u00e1te tu mo\u017enost se opalovat na p\u0159\u00edm\u00e9m slunci. Co byste za to dala, abyste si mohla zachovat n\u00e1dhern\u011b zlatav\u00e9 op\u00e1len\u00ed, ale v\u00edte, \u017ee v obdob\u00ed zimy se opravdu opalovat ned\u00e1. My v\u00e1s vyvr\u00e1t\u00edme z omylu a ujist\u00edme v\u00e1s, \u017ee zima v\u00e1s rozhodn\u011b tr\u00e1pit nebude. V\u011b\u0159te n\u00e1m, \u017ee i v zimn\u00edm obdob\u00ed m\u016f\u017ee b\u00fdt va\u0161e poko\u017eka stejn\u011b op\u00e1len\u00e1, tak jako tomu bylo v l\u00e9t\u011b.Vyu\u017eijte sol\u00e1rium brno NaomibrnoK tomu, abyste doc\u00edlila opravdu n\u00e1dhern\u00e9 barvy pleti, je d\u016fle\u017eit\u00e9 ji udr\u017eovat. V\u0161ichni v\u00edme, \u017ee op\u00e1len\u00ed v l\u00e9t\u011b dlouho nevydr\u017e\u00ed. Ale pro\u010d si jej neudr\u017eovat po cel\u00fd rok, kdy\u017e se n\u00e1m tolik l\u00edb\u00ed. Je atraktivn\u00ed a vr\u00e1sky jsou vyhlazen\u00e9. Pokud opravdu chcete doc\u00edlit rovnom\u011brn\u00e9ho op\u00e1len\u00ed po cel\u00fd rok, vyu\u017eijte sol\u00e1rium, kde v\u00e1m poskytneme tu nejlep\u0161\u00ed mo\u017enou p\u00e9\u010di. Jenom d\u00edky na\u0161im kvalitn\u00edm stroj\u016fm budete opravdu se svoj\u00ed plet\u00ed spokojen\u00e1 a budete se udr\u017eovat kr\u00e1snou opravdu po cel\u00fd rok. A to uznejte sami, \u017ee to za pravideln\u00e9 n\u00e1v\u0161t\u011bvy opravdu stoj\u00ed. Tak jen do toho. Neot\u00e1lejte s n\u00e1v\u0161t\u011bvou, proto\u017ee barva pleti opravu velmi rychle bledne. Tak si nenechte \u00fapln\u011b vyblednout barvu, kter\u00e1 poslou\u017e\u00ed jako z\u00e1klad pro celkov\u00e9 op\u00e1len\u00ed v na\u0161em sol\u00e1riu. \u010c\u00edm d\u0159\u00edve p\u0159ijdete, t\u00edm kr\u00e1sn\u011bj\u0161\u00ed barvu budete m\u00edt u\u017e te\u010f. Je to opravdu l\u00e1kav\u00e9 pro ka\u017edou \u017eenu, kter\u00e1 o sebe pe\u010duje a z\u00e1le\u017e\u00ed ji na atraktivn\u00edm vzhledu. Pokud jste takovou \u017eenou i vy, na nic ne\u010dekejte a za\u010dn\u011bte s prom\u011bnou u\u017e dnes. Uvid\u00edte, \u017ee v\u00fdsledky jsou t\u00e9m\u011b\u0159 okam\u017eit\u00e9.                                                                                                                                                                                                                                                                                                                                                                                          4.3\/5 - (12 votes)        "},{"@context":"https:\/\/schema.org\/","@type":"BreadcrumbList","itemListElement":[{"@type":"ListItem","position":1,"name":"Op\u00e1len\u00e1 m\u016f\u017eete b\u00fdt i v l\u00e9t\u011b","item":"https:\/\/www.infe.cz\/opalena-muzete-byt-i-v-lete\/#breadcrumbitem"}]}]