[{"@context":"https:\/\/schema.org\/","@type":"Blog","@id":"https:\/\/www.infe.cz#Blog","headline":"Infe","description":"\nCht\u011bli byste rozjet svoje soukrom\u00e9 podnik\u00e1n\u00ed, jen\u017ee nev\u00edte, jak na to? Pak zav\u00edtejte t\u0159eba na n\u00e1\u0161 web a tady u\u017e to spolu ur\u010dit\u011b po\u0159\u00e1dn\u011b rozjedeme.","url":"https:\/\/www.infe.cz","hasPart":[{"@type":"Article","@id":"https:\/\/www.infe.cz\/prakticke-posuvne-brany\/","headline":"Praktick\u00e9 posuvn\u00e9 br\u00e1ny","url":"https:\/\/www.infe.cz\/prakticke-posuvne-brany\/","datePublished":"2025-04-03","dateModified":"2025-04-03","mainEntityOfPage":"https:\/\/www.infe.cz\/prakticke-posuvne-brany\/","author":{"@type":"Person","@id":"https:\/\/www.infe.cz\/author\/#Person","name":"","url":"https:\/\/www.infe.cz\/author\/","identifier":1,"image":{"@type":"ImageObject","@id":"https:\/\/secure.gravatar.com\/avatar\/da76ffe9456a057fb26f92cd8eb3d2effca853864e9ae2a35290bd1e10b1f7d4?s=96&d=mm&r=g","url":"https:\/\/secure.gravatar.com\/avatar\/da76ffe9456a057fb26f92cd8eb3d2effca853864e9ae2a35290bd1e10b1f7d4?s=96&d=mm&r=g","height":96,"width":96}},"publisher":{"@type":"Organization","name":"infe.cz","logo":{"@type":"ImageObject","@id":"\/logo.png","url":"\/logo.png","width":600,"height":60}},"image":{"@type":"ImageObject","@id":"https:\/\/www.infe.cz\/wp-content\/uploads\/garage-doors-2631247_640_6.jpg","url":"https:\/\/www.infe.cz\/wp-content\/uploads\/garage-doors-2631247_640_6.jpg","height":0,"width":0},"wordCount":543,"keywords":null},{"@type":"Article","@id":"https:\/\/www.infe.cz\/jak-vybrat-spravnou-svatebni-kytici\/","headline":"Jak vybrat spr\u00e1vnou svatebn\u00ed kytici?","url":"https:\/\/www.infe.cz\/jak-vybrat-spravnou-svatebni-kytici\/","datePublished":"2025-03-29","dateModified":"2025-03-29","mainEntityOfPage":"https:\/\/www.infe.cz\/jak-vybrat-spravnou-svatebni-kytici\/","author":{"@type":"Person","@id":"https:\/\/www.infe.cz\/author\/#Person","name":"","url":"https:\/\/www.infe.cz\/author\/","identifier":1,"image":{"@type":"ImageObject","@id":"https:\/\/secure.gravatar.com\/avatar\/da76ffe9456a057fb26f92cd8eb3d2effca853864e9ae2a35290bd1e10b1f7d4?s=96&d=mm&r=g","url":"https:\/\/secure.gravatar.com\/avatar\/da76ffe9456a057fb26f92cd8eb3d2effca853864e9ae2a35290bd1e10b1f7d4?s=96&d=mm&r=g","height":96,"width":96}},"publisher":{"@type":"Organization","name":"infe.cz","logo":{"@type":"ImageObject","@id":"\/logo.png","url":"\/logo.png","width":600,"height":60}},"image":{"@type":"ImageObject","@id":"https:\/\/www.infe.cz\/wp-content\/uploads\/nikki-gibson-UQl_-yabQiA-unsplash_3.jpg","url":"https:\/\/www.infe.cz\/wp-content\/uploads\/nikki-gibson-UQl_-yabQiA-unsplash_3.jpg","height":0,"width":0},"wordCount":613,"keywords":null},{"@type":"Article","@id":"https:\/\/www.infe.cz\/lekarna\/","headline":"L\u00e9k\u00e1rna","url":"https:\/\/www.infe.cz\/lekarna\/","datePublished":"2025-03-26","dateModified":"2025-03-26","mainEntityOfPage":"https:\/\/www.infe.cz\/lekarna\/","author":{"@type":"Person","@id":"https:\/\/www.infe.cz\/author\/#Person","name":"","url":"https:\/\/www.infe.cz\/author\/","identifier":1,"image":{"@type":"ImageObject","@id":"https:\/\/secure.gravatar.com\/avatar\/da76ffe9456a057fb26f92cd8eb3d2effca853864e9ae2a35290bd1e10b1f7d4?s=96&d=mm&r=g","url":"https:\/\/secure.gravatar.com\/avatar\/da76ffe9456a057fb26f92cd8eb3d2effca853864e9ae2a35290bd1e10b1f7d4?s=96&d=mm&r=g","height":96,"width":96}},"publisher":{"@type":"Organization","name":"infe.cz","logo":{"@type":"ImageObject","@id":"\/logo.png","url":"\/logo.png","width":600,"height":60}},"image":null,"wordCount":241,"keywords":null},{"@type":"Article","@id":"https:\/\/www.infe.cz\/prinasime-vam-sportovni-aktuality-rozhovory-a-kvizy\/","headline":"P\u0159in\u00e1\u0161\u00edme V\u00e1m sportovn\u00ed aktuality, rozhovory a kv\u00edzy","url":"https:\/\/www.infe.cz\/prinasime-vam-sportovni-aktuality-rozhovory-a-kvizy\/","datePublished":"2025-03-17","dateModified":"2025-03-17","mainEntityOfPage":"https:\/\/www.infe.cz\/prinasime-vam-sportovni-aktuality-rozhovory-a-kvizy\/","author":{"@type":"Person","@id":"https:\/\/www.infe.cz\/author\/#Person","name":"","url":"https:\/\/www.infe.cz\/author\/","identifier":1,"image":{"@type":"ImageObject","@id":"https:\/\/secure.gravatar.com\/avatar\/da76ffe9456a057fb26f92cd8eb3d2effca853864e9ae2a35290bd1e10b1f7d4?s=96&d=mm&r=g","url":"https:\/\/secure.gravatar.com\/avatar\/da76ffe9456a057fb26f92cd8eb3d2effca853864e9ae2a35290bd1e10b1f7d4?s=96&d=mm&r=g","height":96,"width":96}},"publisher":{"@type":"Organization","name":"infe.cz","logo":{"@type":"ImageObject","@id":"\/logo.png","url":"\/logo.png","width":600,"height":60}},"image":null,"wordCount":217,"keywords":null},{"@type":"Article","@id":"https:\/\/www.infe.cz\/propagaci-a-marketing-jste-podcenil-a-nyni-vas-to-mrzi\/","headline":"Propagaci a marketing jste podcenil a nyn\u00ed V\u00e1s to mrz\u00ed","url":"https:\/\/www.infe.cz\/propagaci-a-marketing-jste-podcenil-a-nyni-vas-to-mrzi\/","datePublished":"2025-03-11","dateModified":"2025-03-11","mainEntityOfPage":"https:\/\/www.infe.cz\/propagaci-a-marketing-jste-podcenil-a-nyni-vas-to-mrzi\/","author":{"@type":"Person","@id":"https:\/\/www.infe.cz\/author\/#Person","name":"","url":"https:\/\/www.infe.cz\/author\/","identifier":1,"image":{"@type":"ImageObject","@id":"https:\/\/secure.gravatar.com\/avatar\/da76ffe9456a057fb26f92cd8eb3d2effca853864e9ae2a35290bd1e10b1f7d4?s=96&d=mm&r=g","url":"https:\/\/secure.gravatar.com\/avatar\/da76ffe9456a057fb26f92cd8eb3d2effca853864e9ae2a35290bd1e10b1f7d4?s=96&d=mm&r=g","height":96,"width":96}},"publisher":{"@type":"Organization","name":"infe.cz","logo":{"@type":"ImageObject","@id":"\/logo.png","url":"\/logo.png","width":600,"height":60}},"image":null,"wordCount":205,"keywords":null},{"@type":"Article","@id":"https:\/\/www.infe.cz\/motoinzerce\/","headline":"Motoinzerce","url":"https:\/\/www.infe.cz\/motoinzerce\/","datePublished":"2025-03-04","dateModified":"2025-03-04","mainEntityOfPage":"https:\/\/www.infe.cz\/motoinzerce\/","author":{"@type":"Person","@id":"https:\/\/www.infe.cz\/author\/#Person","name":"","url":"https:\/\/www.infe.cz\/author\/","identifier":1,"image":{"@type":"ImageObject","@id":"https:\/\/secure.gravatar.com\/avatar\/da76ffe9456a057fb26f92cd8eb3d2effca853864e9ae2a35290bd1e10b1f7d4?s=96&d=mm&r=g","url":"https:\/\/secure.gravatar.com\/avatar\/da76ffe9456a057fb26f92cd8eb3d2effca853864e9ae2a35290bd1e10b1f7d4?s=96&d=mm&r=g","height":96,"width":96}},"publisher":{"@type":"Organization","name":"infe.cz","logo":{"@type":"ImageObject","@id":"\/logo.png","url":"\/logo.png","width":600,"height":60}},"image":null,"wordCount":222,"keywords":null},{"@type":"Article","@id":"https:\/\/www.infe.cz\/siroka-paleta-barev\/","headline":"\u0160irok\u00e1 paleta barev","url":"https:\/\/www.infe.cz\/siroka-paleta-barev\/","datePublished":"2025-02-24","dateModified":"2025-02-24","mainEntityOfPage":"https:\/\/www.infe.cz\/siroka-paleta-barev\/","author":{"@type":"Person","@id":"https:\/\/www.infe.cz\/author\/#Person","name":"","url":"https:\/\/www.infe.cz\/author\/","identifier":1,"image":{"@type":"ImageObject","@id":"https:\/\/secure.gravatar.com\/avatar\/da76ffe9456a057fb26f92cd8eb3d2effca853864e9ae2a35290bd1e10b1f7d4?s=96&d=mm&r=g","url":"https:\/\/secure.gravatar.com\/avatar\/da76ffe9456a057fb26f92cd8eb3d2effca853864e9ae2a35290bd1e10b1f7d4?s=96&d=mm&r=g","height":96,"width":96}},"publisher":{"@type":"Organization","name":"infe.cz","logo":{"@type":"ImageObject","@id":"\/logo.png","url":"\/logo.png","width":600,"height":60}},"image":null,"wordCount":258,"keywords":null},{"@type":"Article","@id":"https:\/\/www.infe.cz\/kvalitni-kalhoty\/","headline":"Kvalitn\u00ed  kalhoty","url":"https:\/\/www.infe.cz\/kvalitni-kalhoty\/","datePublished":"2025-02-20","dateModified":"2025-02-20","mainEntityOfPage":"https:\/\/www.infe.cz\/kvalitni-kalhoty\/","author":{"@type":"Person","@id":"https:\/\/www.infe.cz\/author\/#Person","name":"","url":"https:\/\/www.infe.cz\/author\/","identifier":1,"image":{"@type":"ImageObject","@id":"https:\/\/secure.gravatar.com\/avatar\/da76ffe9456a057fb26f92cd8eb3d2effca853864e9ae2a35290bd1e10b1f7d4?s=96&d=mm&r=g","url":"https:\/\/secure.gravatar.com\/avatar\/da76ffe9456a057fb26f92cd8eb3d2effca853864e9ae2a35290bd1e10b1f7d4?s=96&d=mm&r=g","height":96,"width":96}},"publisher":{"@type":"Organization","name":"infe.cz","logo":{"@type":"ImageObject","@id":"\/logo.png","url":"\/logo.png","width":600,"height":60}},"image":{"@type":"ImageObject","@id":"https:\/\/www.infe.cz\/wp-content\/uploads\/angler-3071970_640_2.jpg","url":"https:\/\/www.infe.cz\/wp-content\/uploads\/angler-3071970_640_2.jpg","height":0,"width":0},"wordCount":635,"keywords":null},{"@type":"Article","@id":"https:\/\/www.infe.cz\/skvela-spoluprace-s-publikem\/","headline":"Skv\u011bl\u00e1 spolupr\u00e1ce s publikem","url":"https:\/\/www.infe.cz\/skvela-spoluprace-s-publikem\/","datePublished":"2025-02-18","dateModified":"2025-02-18","mainEntityOfPage":"https:\/\/www.infe.cz\/skvela-spoluprace-s-publikem\/","author":{"@type":"Person","@id":"https:\/\/www.infe.cz\/author\/#Person","name":"","url":"https:\/\/www.infe.cz\/author\/","identifier":1,"image":{"@type":"ImageObject","@id":"https:\/\/secure.gravatar.com\/avatar\/da76ffe9456a057fb26f92cd8eb3d2effca853864e9ae2a35290bd1e10b1f7d4?s=96&d=mm&r=g","url":"https:\/\/secure.gravatar.com\/avatar\/da76ffe9456a057fb26f92cd8eb3d2effca853864e9ae2a35290bd1e10b1f7d4?s=96&d=mm&r=g","height":96,"width":96}},"publisher":{"@type":"Organization","name":"infe.cz","logo":{"@type":"ImageObject","@id":"\/logo.png","url":"\/logo.png","width":600,"height":60}},"image":null,"wordCount":209,"keywords":null},{"@type":"Article","@id":"https:\/\/www.infe.cz\/zveme-vas-na-vylet-po-nejcistsi-oblasti-ceske-republiky-s-pronajatym-vozem\/","headline":"Zveme v\u00e1s na v\u00fdlet po nej\u010dist\u0161\u00ed oblasti \u010cesk\u00e9 republiky s pronajat\u00fdm vozem","url":"https:\/\/www.infe.cz\/zveme-vas-na-vylet-po-nejcistsi-oblasti-ceske-republiky-s-pronajatym-vozem\/","datePublished":"2025-02-11","dateModified":"2025-02-11","mainEntityOfPage":"https:\/\/www.infe.cz\/zveme-vas-na-vylet-po-nejcistsi-oblasti-ceske-republiky-s-pronajatym-vozem\/","author":{"@type":"Person","@id":"https:\/\/www.infe.cz\/author\/#Person","name":"","url":"https:\/\/www.infe.cz\/author\/","identifier":1,"image":{"@type":"ImageObject","@id":"https:\/\/secure.gravatar.com\/avatar\/da76ffe9456a057fb26f92cd8eb3d2effca853864e9ae2a35290bd1e10b1f7d4?s=96&d=mm&r=g","url":"https:\/\/secure.gravatar.com\/avatar\/da76ffe9456a057fb26f92cd8eb3d2effca853864e9ae2a35290bd1e10b1f7d4?s=96&d=mm&r=g","height":96,"width":96}},"publisher":{"@type":"Organization","name":"infe.cz","logo":{"@type":"ImageObject","@id":"\/logo.png","url":"\/logo.png","width":600,"height":60}},"image":{"@type":"ImageObject","@id":"https:\/\/www.infe.cz\/wp-content\/uploads\/mountains-3602837_640_10_7.jpg","url":"https:\/\/www.infe.cz\/wp-content\/uploads\/mountains-3602837_640_10_7.jpg","height":0,"width":0},"wordCount":586,"keywords":null}]},{"@context":"https:\/\/schema.org","@type":"WebSite","@id":"https:\/\/www.infe.cz\/#website","name":"Infe","url":"https:\/\/www.infe.cz","potentialAction":{"@type":"SearchAction","target":"https:\/\/www.infe.cz\/?s={search_term_string}","query-input":"required name=search_term_string"}}]