[{"@context":"https:\/\/schema.org\/","@type":"Article","@id":"https:\/\/www.infe.cz\/pro-vas-nabizime-zaclony-s-detskymi-motivy\/#Article","mainEntityOfPage":"https:\/\/www.infe.cz\/pro-vas-nabizime-zaclony-s-detskymi-motivy\/","headline":"Pro V\u00e1s nab\u00edz\u00edme z\u00e1clony s\u00a0d\u011btsk\u00fdmi motivy","name":"Pro V\u00e1s nab\u00edz\u00edme z\u00e1clony s\u00a0d\u011btsk\u00fdmi motivy","description":"Splnili jste si sv\u016fj sen a po\u0159\u00eddili jste si nov\u00fd d\u016fm? Z\u00e1kladn\u00ed n\u00e1bytek u\u017e stoj\u00ed na sv\u00e9m m\u00edst\u011b a vy za\u010d\u00edn\u00e1te \u0159e\u0161it detaily a dopl\u0148ky? Pak jste ve f\u00e1zi, kdy v\u00e1s \u010dek\u00e1 rozm\u00edst\u011bn\u00ed obraz\u016f, z\u00e1v\u011bs\u016f, lamp, bytov\u00fdch dekorac\u00ed a samoz\u0159ejm\u011b nesm\u00ed chyb\u011bt z\u00e1clony. \u017d\u00e1dn\u00e9 hotov\u00e9 z\u00e1clony se v\u00e1m nel\u00edb\u00ed? Pak nen\u00ed nic jednodu\u0161\u0161\u00edho ne\u017e zaj\u00edt ... <a title=\"Pro V\u00e1s nab\u00edz\u00edme z\u00e1clony s\u00a0d\u011btsk\u00fdmi motivy\" class=\"read-more\" href=\"https:\/\/www.infe.cz\/pro-vas-nabizime-zaclony-s-detskymi-motivy\/\">Read more<span class=\"screen-reader-text\">Pro V\u00e1s nab\u00edz\u00edme z\u00e1clony s\u00a0d\u011btsk\u00fdmi motivy<\/span><\/a>","datePublished":"2025-04-28","dateModified":"2025-04-28","author":{"@type":"Person","@id":"https:\/\/www.infe.cz\/author\/#Person","name":"","url":"https:\/\/www.infe.cz\/author\/","identifier":1,"image":{"@type":"ImageObject","@id":"https:\/\/secure.gravatar.com\/avatar\/da76ffe9456a057fb26f92cd8eb3d2effca853864e9ae2a35290bd1e10b1f7d4?s=96&d=mm&r=g","url":"https:\/\/secure.gravatar.com\/avatar\/da76ffe9456a057fb26f92cd8eb3d2effca853864e9ae2a35290bd1e10b1f7d4?s=96&d=mm&r=g","height":96,"width":96}},"publisher":{"@type":"Organization","name":"infe.cz","logo":{"@type":"ImageObject","@id":"\/logo.png","url":"\/logo.png","width":600,"height":60}},"url":"https:\/\/www.infe.cz\/pro-vas-nabizime-zaclony-s-detskymi-motivy\/","wordCount":198,"articleBody":"Splnili jste si sv\u016fj sen a po\u0159\u00eddili jste si nov\u00fd d\u016fm? Z\u00e1kladn\u00ed n\u00e1bytek u\u017e stoj\u00ed na sv\u00e9m m\u00edst\u011b a vy za\u010d\u00edn\u00e1te \u0159e\u0161it detaily a dopl\u0148ky? Pak jste ve f\u00e1zi, kdy v\u00e1s \u010dek\u00e1 rozm\u00edst\u011bn\u00ed obraz\u016f, z\u00e1v\u011bs\u016f, lamp, bytov\u00fdch dekorac\u00ed a samoz\u0159ejm\u011b nesm\u00ed chyb\u011bt z\u00e1clony.\u017d\u00e1dn\u00e9 hotov\u00e9 z\u00e1clony se v\u00e1m nel\u00edb\u00ed? Pak nen\u00ed nic jednodu\u0161\u0161\u00edho ne\u017e zaj\u00edt do metr\u00e1\u017ee, kde si koup\u00edte l\u00e1tku dle va\u0161eho vkusu o r\u016fzn\u00e9m vzoru, druhu \u010di rozm\u011bru. Pokud v\u0161ak nepat\u0159\u00edte zrovna k t\u011bm nej\u0161ikovn\u011bj\u0161\u00edm a doma byste si ji sama neu\u0161ila, m\u016f\u017eete si koupit kusov\u00e9 z\u00e1clony.SoupravyMo\u017en\u00e1 \u017ee o tom ani nev\u00edte, ale existuj\u00ed i komplety a soupravy z\u00e1clon na okna a dve\u0159e. Tyto z\u00e1clony jsou p\u0159izp\u016fsoben\u00e9 rozm\u011br\u016fm oken a balkonov\u00fdch dve\u0159\u00ed. Samoz\u0159ejm\u011b i jako u jednotliv\u00fdch z\u00e1clon, i u t\u011bchto m\u00e1te na v\u00fdb\u011br z mnoha druh\u016f materi\u00e1lu, \u0159asen\u00ed \u010di vzor\u016f na z\u00e1clon\u011b.                                                                                                                                                                                                                                                                                                                                                                                                "},{"@context":"https:\/\/schema.org\/","@type":"BreadcrumbList","itemListElement":[{"@type":"ListItem","position":1,"name":"Pro V\u00e1s nab\u00edz\u00edme z\u00e1clony s\u00a0d\u011btsk\u00fdmi motivy","item":"https:\/\/www.infe.cz\/pro-vas-nabizime-zaclony-s-detskymi-motivy\/#breadcrumbitem"}]}]