[{"@context":"https:\/\/schema.org\/","@type":"Article","@id":"https:\/\/www.infe.cz\/propagaci-a-marketing-jste-podcenil-a-nyni-vas-to-mrzi\/#Article","mainEntityOfPage":"https:\/\/www.infe.cz\/propagaci-a-marketing-jste-podcenil-a-nyni-vas-to-mrzi\/","headline":"Propagaci a marketing jste podcenil a nyn\u00ed V\u00e1s to mrz\u00ed","name":"Propagaci a marketing jste podcenil a nyn\u00ed V\u00e1s to mrz\u00ed","description":"Reklamn\u00ed p\u0159edm\u011bty V\u00e1m zaru\u010den\u011b pomohou ve Va\u0161\u00ed nelehk\u00e9 situaci. Va\u0161emu podnik\u00e1n\u00ed se p\u0159estalo da\u0159it. U\u017e si nev\u00edte rady. M\u00e1te pocit, \u017ee v\u0161e d\u011bl\u00e1te dob\u0159e, ale efekt je doopravdy nulov\u00fd. Je to d\u00e1no t\u00edm, \u017ee jste hodn\u011b podcenil propagaci a marketing. Potom se nem\u016f\u017eete divit, \u017ee se V\u00e1m prost\u011b jednoho dne p\u0159estalo da\u0159it. Mus\u00edte d\u00e1t o ... <a title=\"Propagaci a marketing jste podcenil a nyn\u00ed V\u00e1s to mrz\u00ed\" class=\"read-more\" href=\"https:\/\/www.infe.cz\/propagaci-a-marketing-jste-podcenil-a-nyni-vas-to-mrzi\/\">Read more<span class=\"screen-reader-text\">Propagaci a marketing jste podcenil a nyn\u00ed V\u00e1s to mrz\u00ed<\/span><\/a>","datePublished":"2025-03-11","dateModified":"2025-03-11","author":{"@type":"Person","@id":"https:\/\/www.infe.cz\/author\/#Person","name":"","url":"https:\/\/www.infe.cz\/author\/","identifier":1,"image":{"@type":"ImageObject","@id":"https:\/\/secure.gravatar.com\/avatar\/da76ffe9456a057fb26f92cd8eb3d2effca853864e9ae2a35290bd1e10b1f7d4?s=96&d=mm&r=g","url":"https:\/\/secure.gravatar.com\/avatar\/da76ffe9456a057fb26f92cd8eb3d2effca853864e9ae2a35290bd1e10b1f7d4?s=96&d=mm&r=g","height":96,"width":96}},"publisher":{"@type":"Organization","name":"infe.cz","logo":{"@type":"ImageObject","@id":"\/logo.png","url":"\/logo.png","width":600,"height":60}},"url":"https:\/\/www.infe.cz\/propagaci-a-marketing-jste-podcenil-a-nyni-vas-to-mrzi\/","wordCount":159,"articleBody":"Reklamn\u00ed p\u0159edm\u011bty V\u00e1m zaru\u010den\u011b pomohou ve Va\u0161\u00ed nelehk\u00e9 situaci. Va\u0161emu podnik\u00e1n\u00ed se p\u0159estalo da\u0159it. U\u017e si nev\u00edte rady. M\u00e1te pocit, \u017ee v\u0161e d\u011bl\u00e1te dob\u0159e, ale efekt je doopravdy nulov\u00fd. Je to d\u00e1no t\u00edm, \u017ee jste hodn\u011b podcenil propagaci a marketing. Potom se nem\u016f\u017eete divit, \u017ee se V\u00e1m prost\u011b jednoho dne p\u0159estalo da\u0159it. Mus\u00edte d\u00e1t o sv\u00fdch kvalitn\u00edch slu\u017eb\u00e1ch v\u011bd\u011bt. Z\u00e1kazn\u00edci si V\u00e1s nejsp\u00ed\u0161 nenajdou. Nic nen\u00ed je\u0161t\u011b ztraceno Reklamn\u00ed p\u0159edm\u011bty jsou p\u0159esn\u011b to, co nyn\u00ed doopravdy nutn\u011b pot\u0159ebujete. Mus\u00edte za\u010d\u00edt makat doopravdy okam\u017eit\u011b. Pokud budete neust\u00e1le v\u00e1hat, tak V\u00e1s konkurence p\u0159edb\u011bhne a Vy m\u016f\u017eete Va\u0161e podnik\u00e1n\u00ed doopravdy zabalit. Nyn\u00ed je\u0161t\u011b nen\u00ed nic ztraceno. Ale akce z Va\u0161\u00ed strany je prost\u011b nutn\u00e1.                                                                                                                                                                                                                                                                                                                                                                                                "},{"@context":"https:\/\/schema.org\/","@type":"BreadcrumbList","itemListElement":[{"@type":"ListItem","position":1,"name":"Propagaci a marketing jste podcenil a nyn\u00ed V\u00e1s to mrz\u00ed","item":"https:\/\/www.infe.cz\/propagaci-a-marketing-jste-podcenil-a-nyni-vas-to-mrzi\/#breadcrumbitem"}]}]